{"id":2708,"date":"2025-12-03T06:08:22","date_gmt":"2025-12-03T06:08:22","guid":{"rendered":"https:\/\/kahlimamag.ch\/blog\/?p=2708"},"modified":"2025-12-13T21:30:26","modified_gmt":"2025-12-13T21:30:26","slug":"schlafschulden-und-sternstunden","status":"publish","type":"post","link":"https:\/\/kahlimamag.ch\/blog\/schlafschulden-und-sternstunden\/","title":{"rendered":"Schlafschulden und Sternstunden"},"content":{"rendered":"\n<p class=\"wp-block-paragraph\">Zugegeben, als Kind klingt der Satz \u201eGeh jetzt schlafen\u201c wie eine Strafe. Kleine Menschen wollen Abenteuer erleben, die Eindr\u00fccke des Tages aufsaugen, der M\u00fcdigkeit trotzen. Doch dann, aus heiterem Himmel, werden ihre Augen vom Sandwesen best\u00e4ubt, und der Schlaf holt die kleinen Abenteurer:innen zu sich. Als w\u00fcrden sie in ein wahrhaftiges Schlummerland eintauchen und weitere Robinsonaden erleben, w\u00e4hrend ihr K\u00f6rper zugleich lebenswichtige Prozesse vollzieht. Erst Jahre sp\u00e4ter verwandelt sich der vermeintlich l\u00e4stige Schlaf der Kindheit in einen wertvollen Schatz, der im allt\u00e4glichen Trubel mehr als erw\u00fcnscht ist. Ja, es ist eine wahre Wohltat, f\u00fcr ein paar Stunden die schweren Lider zu schlie\u00dfen, die Muskeln zu entspannen und den Verpflichtungen f\u00fcr einen stillen Moment zu entkommen.<\/p>\n\n\n\n<p class=\"wp-block-paragraph\">Heutzutage haben wir vergessen, dass der Schlaf einst eine vielf\u00e4ltigere Struktur hatte und Unterbrechungen normal waren. Unsere Gesellschaft hat das nat\u00fcrliche Schlafritual ver\u00e4ndert und der Leistungskultur unterworfen.<\/p>\n\n\n\n<p class=\"wp-block-paragraph\"><strong>Vor \u00fcber 200 Jahren \u2026<\/strong><\/p>\n\n\n\n<p class=\"wp-block-paragraph\">\u2026 schliefen die Menschen noch in Schichten. Wenn abends die Lichter schummrig dahinflackerten \u2013 vom Kerzenlicht und den w\u00e4rmenden Flammen des Feuers \u2013 stellte sich durch die Melatoninbildung ganz von selbst die M\u00fcdigkeit ein. Man legte seinen K\u00f6rper zur Ruhe, um dann ein paar Stunden sp\u00e4ter wieder aufzuwachen. Nicht, weil ein Wecker klingelte, sondern weil die innere Uhr es verlangte. Um Mitternacht und in den ersten Stunden des neuen Tages wachen meist auch die Babys auf. Sie tragen noch den nat\u00fcrlichen Instinkt des geteilten Schlafrhythmus in sich. Im Mittelalter waren solche n\u00e4chtlichen Unterbrechungen \u00fcblich. Und auch wenn keine Babys gestillt werden mussten: Die n\u00e4chtliche Stille diente dem Innehalten, dem Schwelgen in Gedanken, dem Verrichten kleiner Arbeiten, dem Austausch miteinander.<\/p>\n\n\n\n<p class=\"wp-block-paragraph\"><strong>Denn \u2026<\/strong><\/p>\n\n\n\n<p class=\"wp-block-paragraph\">\u2026 das Gehirn arbeitet nachts anders als tags\u00fcber. Die \u00e4u\u00dfere Stille l\u00e4sst den eigenen Gedanken mehr Raum. Die Wahrnehmung wird gesch\u00e4rft, Kreativit\u00e4t kann sich entfalten. Pl\u00f6tzlich tauchen Ideen auf, die sich bei Tageslicht hinter der Reiz\u00fcberflutung verstecken. Warum das so ist? Durch das Melatonin sinkt der Cortisolspiegel \u2013 wir werden ruhiger und entspannter. Doch Vorsicht: Gleichzeitig verst\u00e4rken sich Gef\u00fchle, die sich im Licht und in der Hektik des Tages wieder relativieren. \u00c4ngste k\u00f6nnen \u00fcberw\u00e4ltigende Ausma\u00dfe annehmen, Sorgen wirken intensiver. Wenn die Sterne hoch am dunkelblauen Himmelszelt stehen, setzt sich die innere Weisheit mit den Sorgenmonstern an denselben Tisch. Letztere wollen sich oft nur wichtiger darstellen, als sie in Wahrheit sind.<\/p>\n\n\n\n<p class=\"wp-block-paragraph\">Es lohnt sich also, die Kraft der Nacht zu nutzen \u2013 besonders f\u00fcr kreative Arbeiten und f\u00fcr tiefgr\u00fcndige Fragen des Lebens. Das Bewusstmachen ihrer Intensit\u00e4t kann helfen, klare Entscheidungen zu treffen. Ideen lassen sich aufschreiben, um im Tageslicht nachzusp\u00fcren, ob sie wirklich brillant waren oder doch zu \u00fcberst\u00fcrzt (und nein, ich verrate jetzt nicht, wie viele K\u00e4ufe ich nachts schon get\u00e4tigt habe, die ich sp\u00e4ter bereute).<\/p>\n\n\n\n<p class=\"wp-block-paragraph\"><strong>Warum segmentierter Schlaf heute sch\u00e4dlich sein kann<\/strong><\/p>\n\n\n\n<p class=\"wp-block-paragraph\">Heute wissen wir, dass unsere Vorfahren unterteilte Schlafgewohnheiten hatten. Doch warum haben wir eigentlich damit aufgeh\u00f6rt?<\/p>\n\n\n\n<p class=\"wp-block-paragraph\">Die industrielle Revolution brachte eine tiefgreifende Ver\u00e4nderung in unsere Schlafkultur. Arbeiten waren nicht mehr von den Jahreszeiten abh\u00e4ngig, Maschinen ersetzten menschliche Arbeitskraft und verlangten strenge Regelm\u00e4\u00dfigkeit. Die Anpassung an den neuen Arbeitsmarkt erforderte auch eine Anpassung des Schlafrhythmus. Sonne und Mond wurden ersetzt durch das Ein- und Ausstempeln.<\/p>\n\n\n\n<p class=\"wp-block-paragraph\">Schlaf wurde zum St\u00f6rfaktor \u2013 ein m\u00fchsames Anh\u00e4ngsel des menschlichen Grundbed\u00fcrfnisses, das Zeit und Geld kostete. Zeit, in der man produktiv sein k\u00f6nnte. Mit dem elektrischen Licht konnten Menschen auch nachts t\u00fcchtig und arbeitswillig sein. Der Schlaf musste neu programmiert werden: der T\u00fcchtigkeit angepasst und in aneinandergereihten Stunden vollzogen. Wirtschaftswachstum hochgeschraubt, Grundbed\u00fcrfnisse heruntergeschraubt.<\/p>\n\n\n\n<p class=\"wp-block-paragraph\">Die Acht-Stunden-Schlafgewohnheit ist eine relativ junge Erscheinung. Mit der Industrialisierung wurde sie jedoch notwendig. Denn: Mit dem Schlafen verh\u00e4lt es sich wie mit dem Geld. Ger\u00e4t man in Mangel, l\u00e4sst sich das Defizit nur m\u00fchsam wieder ausgleichen. Wer also eine Nacht zwei Stunden sp\u00e4ter ins Bett geht, sollte diese in der folgenden Nacht nachholen, andernfalls erh\u00f6hen sich die Schlafschulden. Das kann enorme Auswirkungen auf die Gesundheit haben.<\/p>\n\n\n\n<p class=\"wp-block-paragraph\"><strong>Im Norden Europas war die Nacht zweigeteilt, im S\u00fcden der Tag \u2013 beide zeigen, dass Schlaf historisch nicht monolithisch, sondern situationsabh\u00e4ngig war.<\/strong><\/p>\n\n\n\n<p class=\"wp-block-paragraph\">Ich erinnere mich an eine Reise nach Spanien, nach Sevilla. Die Sonne brannte auf unsere K\u00f6pfe, es war kurz nach Mittag. Die F\u00fc\u00dfe lie\u00dfen sich nur schwer \u00fcber den \u00fcberhitzten Asphalt vorantreiben. Die Gesch\u00e4fte waren geschlossen, der Trubel der Stadt ausged\u00fcnnt. Wir kehrten zum Ausruhen in unser Appartement zur\u00fcck. Meine Kinder tobten im Innenhof. Pl\u00f6tzlich ein lautes Rufen hinter den zugezogenen Rollos: \u201eGeht\u2019s noch? Es ist Siesta. Die Kinder d\u00fcrfen nicht spielen!\u201c Wir erschraken. Nat\u00fcrlich hatte ich von der Siesta geh\u00f6rt und wusste, dass es in Spanien \u00fcblich ist, eine Nachmittagspause einzuhalten. Doch die Bedeutung wurde mir erst in diesem Moment bewusst. Alle im Haus schliefen. Eine absurde Vorstellung f\u00fcr mich \u2013 absurd, aber nachvollziehbar. Den Tag in zwei Teile zu gliedern, wenn die \u00e4u\u00dferen Bedingungen zu rau sind, um produktiv zu sein.<\/p>\n\n\n\n<p class=\"wp-block-paragraph\">Bei uns hingegen ist man gezwungen, nach den Regeln des Systems zu funktionieren, nicht nach den Gegebenheiten. Folgt man dem Drang nach Schlaf und Ruhe, gesellen sich Schuldgef\u00fchle zum Leistungsdruck. Dabei wird \u00fcbersehen, dass zwar mehr Umsatz generiert wird, die Qualit\u00e4t jedoch nachl\u00e4sst \u2013 im Gesundheitswesen, in den Dienstleistungsbetrieben, im Schulsystem. Es herrscht eine chronische Ersch\u00f6pfung weltweit, weil einem unsichtbaren Versprechen hinterhergejagt wird, das in Wahrheit nicht die ersehnte F\u00fclle verspricht. Im Gegenteil: Die Konsequenz der Leistungsgesellschaft fordert viele Opfer.<\/p>\n\n\n\n<p class=\"wp-block-paragraph\"><strong>Das Schlafverhalten von heute ist im Grunde gar nicht so weit entfernt vom mittelalterlichen<\/strong><\/p>\n\n\n\n<p class=\"wp-block-paragraph\">Das schummrige Kerzenlicht ist dem Blaulicht des Smartphones gewichen. Wo sich einst Gedanken ordneten, treiben sie nun zerstreut im endlosen Fluss des Instagram-Feeds. Der Fingerwisch dient als Rosenkranz \u2013 nur ohne ruhebringende Wirkung. Vielleicht ist es tr\u00f6stlich zu wissen, dass nichts falsch mit uns ist, wenn wir nachts umherwandeln. Wichtig ist allein das Schlafkonto, das gen\u00fcgend Ruhestunden einfordert. Die Zeit dazwischen birgt gro\u00dfes Potenzial, um wertvolle Momente zu schaffen.<\/p>\n\n\n\n<p class=\"wp-block-paragraph\">Vielleicht liegt die gr\u00f6\u00dfte Wahrheit darin, dass Schlaf kein Verlust, sondern ein Gewinn ist. Wer ihn achtet, schenkt sich selbst nicht nur Erholung, sondern auch Klarheit, Kreativit\u00e4t und die stille Kraft, dem Tag mit neuer W\u00fcrde zu begegnen. In einer Welt, die uns pausenlos antreibt, ist das Schlie\u00dfen der Augen ein Akt der Selbstbestimmung \u2013 ein leiser Protest gegen die Rastlosigkeit. Und vielleicht ist es genau dieser n\u00e4chtliche R\u00fcckzug, der uns am Ende wieder mit dem Leben vers\u00f6hnt.<\/p>\n\n\n\n<h2 class=\"wp-block-heading\">Kleines Schlafroutinelexikon<\/h2>\n\n\n\n<p class=\"wp-block-paragraph\">Sanftes Journaling: Gedanken oder Tr\u00e4ume kurz notieren, um Klarheit zu gewinnen und den Kopf zu entlasten.<\/p>\n\n\n\n<p class=\"wp-block-paragraph\">Atem\u00fcbungen \/ Meditation: Kurze Atemrituale oder stille Meditation helfen, den K\u00f6rper wieder in Ruhe zu bringen.<\/p>\n\n\n\n<p class=\"wp-block-paragraph\">Lesen im ged\u00e4mpften Licht: Ein paar Seiten eines beruhigenden Buches (kein Bildschirm) k\u00f6nnen die Wachphase in Inspiration verwandeln.<\/p>\n\n\n\n<p class=\"wp-block-paragraph\">Kreative Skizzen: Ideen, die nachts auftauchen, aufschreiben oder skizzieren \u2013 oft sind sie besonders originell.<\/p>\n\n\n\n<p class=\"wp-block-paragraph\">Leichte Bewegung: Sanftes Dehnen oder Yoga im Halbdunkel kann Spannungen l\u00f6sen, ohne den Kreislauf zu sehr zu aktivieren.<\/p>\n\n\n\n<p class=\"wp-block-paragraph\">Bewusste Stille: Einfach die n\u00e4chtliche Ruhe wahrnehmen \u2013 ein Moment, der tags\u00fcber selten m\u00f6glich ist.<\/p>\n\n\n\n<p class=\"wp-block-paragraph\"><strong>Tags\u00fcber den Ausgleich finden<\/strong><\/p>\n\n\n\n<p class=\"wp-block-paragraph\">Power-Naps (10\u201320 Minuten): Kurze Schlafinseln am Nachmittag gleichen n\u00e4chtliche Unterbrechungen aus.<\/p>\n\n\n\n<p class=\"wp-block-paragraph\">Rhythmische Pausen: Kleine Unterbrechungen w\u00e4hrend der Arbeit (Stretching, Spaziergang) verhindern Ersch\u00f6pfung.<\/p>\n\n\n\n<p class=\"wp-block-paragraph\">Bewusste Ern\u00e4hrung: Leichte Mahlzeiten am Abend und ausreichend Wasser tags\u00fcber unterst\u00fctzen die Schlafqualit\u00e4t.<\/p>\n\n\n\n<p class=\"wp-block-paragraph\">Digitale Hygiene: Abends Blaulicht reduzieren, tags\u00fcber bewusst mit Bildschirmen umgehen.<\/p>\n\n\n\n<p class=\"wp-block-paragraph\">Regelm\u00e4\u00dfigkeit: Auch wenn der Schlaf segmentiert ist, hilft ein konstanter Rahmen (\u00e4hnliche Schlafenszeiten).<\/p>\n\n\n\n<p class=\"wp-block-paragraph\">Gewinn aus dem Schlaf ziehen<\/p>\n\n\n\n<p class=\"wp-block-paragraph\">Akzeptanz statt Kampf: Wachphasen nicht als \u201eSt\u00f6rung\u201c, sondern als Teil des nat\u00fcrlichen Rhythmus sehen.<\/p>\n\n\n\n<p class=\"wp-block-paragraph\">Potenzial nutzen: Die Nacht als Raum f\u00fcr Intuition und Kreativit\u00e4t begreifen.<\/p>\n\n\n\n<p class=\"wp-block-paragraph\">Balance schaffen: Tags\u00fcber bewusst Ausgleich suchen, damit die Nacht nicht zur Belastung wird.<\/p>\n\n\n\n<p class=\"wp-block-paragraph\">Gesundheit im Blick: Schlafschulden ernst nehmen und rechtzeitig ausgleichen, bevor sie sich summieren.<\/p>\n\n\n<div class=\"wp-block-image\">\n<figure class=\"aligncenter size-large is-resized\"><img loading=\"lazy\" decoding=\"async\" width=\"683\" height=\"1024\" src=\"https:\/\/kahlimamag.ch\/blog\/wp-content\/uploads\/2025\/12\/20251202_192156-1-683x1024.jpg\" alt=\"\" class=\"wp-image-2711\" style=\"aspect-ratio:0.6670065137354857;width:422px;height:auto\" srcset=\"https:\/\/kahlimamag.ch\/blog\/wp-content\/uploads\/2025\/12\/20251202_192156-1-683x1024.jpg 683w, https:\/\/kahlimamag.ch\/blog\/wp-content\/uploads\/2025\/12\/20251202_192156-1-200x300.jpg 200w, https:\/\/kahlimamag.ch\/blog\/wp-content\/uploads\/2025\/12\/20251202_192156-1-768x1152.jpg 768w, https:\/\/kahlimamag.ch\/blog\/wp-content\/uploads\/2025\/12\/20251202_192156-1-1024x1536.jpg 1024w, https:\/\/kahlimamag.ch\/blog\/wp-content\/uploads\/2025\/12\/20251202_192156-1.jpg 1280w\" sizes=\"auto, (max-width: 683px) 100vw, 683px\" \/><\/figure>\n<\/div>","protected":false},"excerpt":{"rendered":"<p>Zugegeben, als Kind klingt der Satz \u201eGeh jetzt schlafen\u201c wie eine Strafe. Kleine Menschen wollen&#8230;<\/p>\n","protected":false},"author":1,"featured_media":2755,"comment_status":"open","ping_status":"open","sticky":false,"template":"","format":"standard","meta":{"_crdt_document":"","footnotes":""},"categories":[23],"tags":[40,38,37,36,39],"class_list":["post-2708","post","type-post","status-publish","format-standard","has-post-thumbnail","hentry","category-reportagen-und-mehr","tag-gesundheit","tag-mittelalter","tag-schlaf","tag-schlafritual","tag-widerstand"],"_links":{"self":[{"href":"https:\/\/kahlimamag.ch\/blog\/wp-json\/wp\/v2\/posts\/2708","targetHints":{"allow":["GET"]}}],"collection":[{"href":"https:\/\/kahlimamag.ch\/blog\/wp-json\/wp\/v2\/posts"}],"about":[{"href":"https:\/\/kahlimamag.ch\/blog\/wp-json\/wp\/v2\/types\/post"}],"author":[{"embeddable":true,"href":"https:\/\/kahlimamag.ch\/blog\/wp-json\/wp\/v2\/users\/1"}],"replies":[{"embeddable":true,"href":"https:\/\/kahlimamag.ch\/blog\/wp-json\/wp\/v2\/comments?post=2708"}],"version-history":[{"count":3,"href":"https:\/\/kahlimamag.ch\/blog\/wp-json\/wp\/v2\/posts\/2708\/revisions"}],"predecessor-version":[{"id":2761,"href":"https:\/\/kahlimamag.ch\/blog\/wp-json\/wp\/v2\/posts\/2708\/revisions\/2761"}],"wp:featuredmedia":[{"embeddable":true,"href":"https:\/\/kahlimamag.ch\/blog\/wp-json\/wp\/v2\/media\/2755"}],"wp:attachment":[{"href":"https:\/\/kahlimamag.ch\/blog\/wp-json\/wp\/v2\/media?parent=2708"}],"wp:term":[{"taxonomy":"category","embeddable":true,"href":"https:\/\/kahlimamag.ch\/blog\/wp-json\/wp\/v2\/categories?post=2708"},{"taxonomy":"post_tag","embeddable":true,"href":"https:\/\/kahlimamag.ch\/blog\/wp-json\/wp\/v2\/tags?post=2708"}],"curies":[{"name":"wp","href":"https:\/\/api.w.org\/{rel}","templated":true}]}}