{"id":2783,"date":"2026-01-04T08:33:59","date_gmt":"2026-01-04T08:33:59","guid":{"rendered":"https:\/\/kahlimamag.ch\/blog\/?p=2783"},"modified":"2026-01-04T08:48:39","modified_gmt":"2026-01-04T08:48:39","slug":"mehr-analogie","status":"publish","type":"post","link":"https:\/\/kahlimamag.ch\/blog\/mehr-analogie\/","title":{"rendered":"Mehr Koh\u00e4renz"},"content":{"rendered":"\n<p class=\"wp-block-paragraph\"><strong><em>Die Welt liegt noch unter dem Last des alten Jahres, wie das Gras, das sich durch den schmelzenden Schnee k\u00e4mpft. Dort sp\u00fcre ich beides zugleich: das Gewicht dessen, was war, und das leise Flimmern dessen, was werden k\u00f6nnte. Zwischen Hoffnung und Trauer, zwischen Liebe und der bitteren Realit\u00e4t unserer Zeit, \u00f6ffnet sich ein schmaler Spalt \u2013 ein mutiger Atemzug der neuen Ausrichtung.<\/em><\/strong><\/p>\n\n\n\n<p class=\"wp-block-paragraph\">Am \u00dcbergang zwischen zwei Jahren, dort wo die Zeit f\u00fcr einen Moment stillzustehen scheint, legt sich ein feiner Nebel \u00fcber meine Augen. Er besteht aus schlaflosen N\u00e4chten, aus Sorgen, die sich wie kleine Steine in meine Taschen gelegt haben. Vielleicht w\u00e4re es vern\u00fcnftig, mich auszuruhen. Mich wie ein Murmeltier in einen warmen Wintermantel zu h\u00fcllen und darauf zu vertrauen, dass der Fr\u00fchling wiederkommt.<br>Doch ich bin kein Murmeltier. Kein Braunb\u00e4r. Ich bin ein Mensch mit Aufgaben, die mich manchmal tragen und manchmal erdr\u00fccken. Einige geh\u00f6ren zum Menschsein, andere dienen nur einem System, das l\u00e4ngst vergessen hat, wof\u00fcr es einmal geschaffen wurde.<br>Manchmal beneide ich die Tiere. Ihre F\u00e4higkeit, sich der Natur hinzugeben, sich zur\u00fcckzuziehen, wenn es Zeit ist, und Erholung nicht als Luxus, sondern als Gesetz zu betrachten. Wir hingegen rennen, hasten, hetzen \u2013 als m\u00fcssten wir uns selbst \u00fcberholen. Unser K\u00f6rper sendet Warnsignale, doch wir \u00fcbert\u00f6nen sie mit Terminen, Erwartungen, Pflichten.<br>Wir leben, als wartete am Ende dieser Stra\u00dfe ein Preis f\u00fcr all das Aushalten. Doch vielleicht zahlen wir den Preis l\u00e4ngst: indem wir uns anpassen, bis wir uns selbst nicht mehr sp\u00fcren. Indem wir vergessen, was uns eigentlich leitet \u2013 die K\u00f6rpermitte, das Herz, den Bauch, die Seele.<br>Vielleicht w\u00e4re das Leben einfacher, wenn wir uns wieder an das erinnern w\u00fcrden, was uns mitgegeben wurde. Vielleicht sind es die Katastrophen, die sich \u00fcber die Jahre hinweg \u00fcberlagern, die mich daran erinnern sollen:<br>Es ist in Ordnung, nicht dazuzugeh\u00f6ren.<br>Es ist w\u00fcnschenswert, zu f\u00fchlen.<br>Es ist notwendig, mutig zu sein.<br>Es ist erlaubt, zu tr\u00e4umen.<br>Und es ist wichtig, einander die H\u00e4nde zu reichen. Gemeinsam laut zu sein. Gemeinsam zu weinen. Gemeinsam zu lachen. Uns einzusetzen f\u00fcr mehr Stille, mehr Musik, mehr Literatur, mehr Farben \u2013 und mehr M\u00fctter, die atmen d\u00fcrfen.<br>Jene, die sich um das Funktionieren des Systems k\u00fcmmern sollten, \u00fcbersehen etwas Entscheidendes: Dass psychische Gesundheit kein Randthema ist, sondern Fundament. Dass ein gesunder Mensch weniger kostet als ein ersch\u00f6pfter.<br>Denn selbst ohne \u00e4u\u00dferen Druck gibt es genug zu tragen. Schicksale, die Empathie verlangen. Geschichten, die W\u00e4rme brauchen. Kinder, die nicht sp\u00fcren sollten, dass ihre Existenz ein Wettbewerb ist.<br>Ich glaube, es ist Zeit, f\u00fcr das Recht auf die eigene Existenz einzustehen.<br>Eine stille Rebellion zu beginnen:<br>durch Achtsamkeit,<br>durch tiefe Verbindungen,<br>durch Seelennahrung,<br>durch R\u00fcckkehr zu dem, was uns menschlich macht.<\/p>\n","protected":false},"excerpt":{"rendered":"<p>Die Welt liegt noch unter dem Last des alten Jahres, wie das Gras, das sich&#8230;<\/p>\n","protected":false},"author":1,"featured_media":2786,"comment_status":"open","ping_status":"open","sticky":false,"template":"","format":"standard","meta":{"_crdt_document":"","footnotes":""},"categories":[25],"tags":[],"class_list":["post-2783","post","type-post","status-publish","format-standard","has-post-thumbnail","hentry","category-poesie-und-spiritualitaet"],"_links":{"self":[{"href":"https:\/\/kahlimamag.ch\/blog\/wp-json\/wp\/v2\/posts\/2783","targetHints":{"allow":["GET"]}}],"collection":[{"href":"https:\/\/kahlimamag.ch\/blog\/wp-json\/wp\/v2\/posts"}],"about":[{"href":"https:\/\/kahlimamag.ch\/blog\/wp-json\/wp\/v2\/types\/post"}],"author":[{"embeddable":true,"href":"https:\/\/kahlimamag.ch\/blog\/wp-json\/wp\/v2\/users\/1"}],"replies":[{"embeddable":true,"href":"https:\/\/kahlimamag.ch\/blog\/wp-json\/wp\/v2\/comments?post=2783"}],"version-history":[{"count":5,"href":"https:\/\/kahlimamag.ch\/blog\/wp-json\/wp\/v2\/posts\/2783\/revisions"}],"predecessor-version":[{"id":2789,"href":"https:\/\/kahlimamag.ch\/blog\/wp-json\/wp\/v2\/posts\/2783\/revisions\/2789"}],"wp:featuredmedia":[{"embeddable":true,"href":"https:\/\/kahlimamag.ch\/blog\/wp-json\/wp\/v2\/media\/2786"}],"wp:attachment":[{"href":"https:\/\/kahlimamag.ch\/blog\/wp-json\/wp\/v2\/media?parent=2783"}],"wp:term":[{"taxonomy":"category","embeddable":true,"href":"https:\/\/kahlimamag.ch\/blog\/wp-json\/wp\/v2\/categories?post=2783"},{"taxonomy":"post_tag","embeddable":true,"href":"https:\/\/kahlimamag.ch\/blog\/wp-json\/wp\/v2\/tags?post=2783"}],"curies":[{"name":"wp","href":"https:\/\/api.w.org\/{rel}","templated":true}]}}