{"id":392,"date":"2025-05-08T17:30:53","date_gmt":"2025-05-08T17:30:53","guid":{"rendered":"https:\/\/coraliewrites.ch\/blog\/?p=392"},"modified":"2025-11-06T06:57:05","modified_gmt":"2025-11-06T06:57:05","slug":"ikigai-das-gute-leben","status":"publish","type":"post","link":"https:\/\/kahlimamag.ch\/blog\/ikigai-das-gute-leben\/","title":{"rendered":"Ikigai- das gute Leben"},"content":{"rendered":"\n<p class=\"wp-block-paragraph\"><strong>Eine japanische Lebensphilosophie<\/strong><\/p>\n\n\n\n<p class=\"wp-block-paragraph\">Gestern bin ich zum ersten Mal auf das Wort <strong>Ikigai<\/strong> gesto\u00dfen. Es liegt zart auf der Zunge, mit einer verborgenen Sch\u00e4rfe \u2013 als w\u00fcrde es einen geheimen Kern von Kraft in sich tragen.  Es erinnert mich an ein Powergetr\u00e4nk oder einen Selbstverteidigungskurs \u2013 etwas, das nicht nur belebt, sondern gleichermassen erm\u00e4chtigt und erf\u00fcllt. Vielleicht sind es die k\u00fchleren Tage, die in mir den Wunsch wecken, mich intensiver mit Spiritualit\u00e4t auseinanderzusetzen. Vielleicht ist es aber auch das Gef\u00fchl, dass die Welt an einem Wendepunkt steht \u2013 <strong>ein Moment, in dem wir mehr denn je Zugang zu innerer Weisheit und echter Verbundenheit brauchen.<\/strong><\/p>\n\n\n\n<p class=\"wp-block-paragraph\">Es sind Zeiten, in denen mir oft die Sprache fehlt. Worte scheinen nicht auszureichen, um das zu beschreiben, was ich f\u00fchle, was ich sehe, was tief in mir arbeitet. <strong>Es ist, als l\u00e4ge ein unsichtbarer Schleier \u00fcber uns allen<\/strong> \u2013 ein Schutz vielleicht, aber auch eine Barriere, die die Klarheit nimmt. <strong>Und doch halten wir l\u00e4chelnd an der Oberfl\u00e4che fest, w\u00e4hrend die Welt brennt.<\/strong> Ein Feuer, das uns fr\u00fcher oder sp\u00e4ter alle erreichen wird \u2013 viele stehen bereits in den Flammen. Ich spreche von Krieg, von Armut, von Rassismus, von Ausgrenzung, von Macht und Gier, von Gewalt \u2013 sichtbar und unsichtbar, laut und leise, emotional und physisch.<\/p>\n\n\n\n<p class=\"wp-block-paragraph\"><strong>Ein gutes Leben<\/strong> &#8230;<\/p>\n\n\n\n<p class=\"wp-block-paragraph\">Es ist das, wonach wir alle suchen, und doch bleibt es unerreichbar, solange die Waage im Ungleichgewicht schwingt. <strong>Ikigai<\/strong> \u2013 es braucht Balance. Ein Geben und Nehmen. <strong>Etwas Gutes f\u00fcr mich, etwas Gutes f\u00fcr dich.<\/strong><\/p>\n\n\n\n<p class=\"wp-block-paragraph\">Es braucht den Mut, sich der eigenen Intuition zu \u00f6ffnen, den Zugang zur inneren Weisheit freizulegen. <strong>Es braucht Frieden \u2013 nicht nur im Inneren, sondern auch dort, wo er sichtbar wird.<\/strong><\/p>\n\n\n\n<p class=\"wp-block-paragraph\">Es braucht das tiefe Wissen, dass wir untrennbar miteinander verbunden sind. Solange Freiheit nicht f\u00fcr alle gilt, wird sie niemals vollkommen sein.<\/p>\n\n\n\n<p class=\"wp-block-paragraph\">Aber was bedeutet Ikigai eigentlich genau? Nun, es besteht aus vier Grundfragen: <\/p>\n\n\n\n<p class=\"wp-block-paragraph\">Was liebst du? <\/p>\n\n\n\n<p class=\"wp-block-paragraph\">Worin bist du gut?<\/p>\n\n\n\n<p class=\"wp-block-paragraph\">Was braucht die Welt?<\/p>\n\n\n\n<p class=\"wp-block-paragraph\">Wof\u00fcr kannst du bezahlt werden?<\/p>\n\n\n\n<p class=\"wp-block-paragraph\">Ich glaube fest daran, dass die Antworten auf unsere tiefsten Fragen bereits in uns schlummern. Vielleicht k\u00f6nnen wir nicht alle ausschlie\u00dflich von dem leben, was wir aus tiefstem Herzen lieben. Aber wir k\u00f6nnen uns zumindest darauf zubewegen \u2013 Schritt f\u00fcr Schritt mehr von dem zu tun, was uns Freude bereitet.<\/p>\n\n\n\n<p class=\"wp-block-paragraph\">Und vielleicht k\u00f6nnen wir auch mehr tun, um die Welt ein kleines St\u00fcck zu heilen. <strong>Es gibt immer etwas.<\/strong> Manchmal ist es nur ein offenes Ohr, eine ehrliche Begegnung, ein Moment des Zuh\u00f6rens.<\/p>\n\n\n\n<p class=\"wp-block-paragraph\">Was bedeutet es eigentlich, gut in etwas zu sein? Selbst wenn jemand nur darin gl\u00e4nzt, Karotten zu schnippeln \u2013 dann ist es Karotten schnippeln.<\/p>\n\n\n\n<p class=\"wp-block-paragraph\">Ikigai fasziniert mich. Vielleicht, weil es meine Gedanken herausfordert und neue Verbindungen in meinem Kopf schafft. Vielleicht, weil es mich zum Nachdenken bringt, weil es mich innehalten l\u00e4sst. Und weil alles im Aussen schief wirkt, als w\u00e4re die Welt doch eine Scheibe mit einem Rand &#8211; alles k\u00f6nnte jederzeit herunterfallen &#8211; w\u00fcnschte ich, wir w\u00fcrden wieder mehr das Runde sp\u00fcren. Die Verbindung, die Intuition, die Liebe und die Freude. <\/p>\n\n\n\n<p class=\"wp-block-paragraph\">Ikigai.<\/p>\n\n\n\n<p class=\"wp-block-paragraph\"><br><br><br><br><br><br><br><br><br><br><br><br><br><br><br><\/p>\n\n\n\n<p class=\"wp-block-paragraph\"><\/p>\n","protected":false},"excerpt":{"rendered":"<p>Eine japanische Lebensphilosophie Gestern bin ich zum ersten Mal auf das Wort Ikigai gesto\u00dfen. Es&#8230;<\/p>\n","protected":false},"author":1,"featured_media":0,"comment_status":"open","ping_status":"open","sticky":false,"template":"","format":"standard","meta":{"_crdt_document":"","footnotes":""},"categories":[23],"tags":[],"class_list":["post-392","post","type-post","status-publish","format-standard","hentry","category-reportagen-und-mehr"],"_links":{"self":[{"href":"https:\/\/kahlimamag.ch\/blog\/wp-json\/wp\/v2\/posts\/392","targetHints":{"allow":["GET"]}}],"collection":[{"href":"https:\/\/kahlimamag.ch\/blog\/wp-json\/wp\/v2\/posts"}],"about":[{"href":"https:\/\/kahlimamag.ch\/blog\/wp-json\/wp\/v2\/types\/post"}],"author":[{"embeddable":true,"href":"https:\/\/kahlimamag.ch\/blog\/wp-json\/wp\/v2\/users\/1"}],"replies":[{"embeddable":true,"href":"https:\/\/kahlimamag.ch\/blog\/wp-json\/wp\/v2\/comments?post=392"}],"version-history":[{"count":3,"href":"https:\/\/kahlimamag.ch\/blog\/wp-json\/wp\/v2\/posts\/392\/revisions"}],"predecessor-version":[{"id":2661,"href":"https:\/\/kahlimamag.ch\/blog\/wp-json\/wp\/v2\/posts\/392\/revisions\/2661"}],"wp:attachment":[{"href":"https:\/\/kahlimamag.ch\/blog\/wp-json\/wp\/v2\/media?parent=392"}],"wp:term":[{"taxonomy":"category","embeddable":true,"href":"https:\/\/kahlimamag.ch\/blog\/wp-json\/wp\/v2\/categories?post=392"},{"taxonomy":"post_tag","embeddable":true,"href":"https:\/\/kahlimamag.ch\/blog\/wp-json\/wp\/v2\/tags?post=392"}],"curies":[{"name":"wp","href":"https:\/\/api.w.org\/{rel}","templated":true}]}}